{"id":121,"date":"2025-08-25T10:22:56","date_gmt":"2025-08-25T10:22:56","guid":{"rendered":"https:\/\/www.psyiwilki.pl\/?p=121"},"modified":"2025-08-25T10:22:56","modified_gmt":"2025-08-25T10:22:56","slug":"hybrydyzacja-pomiedzy-wilkami-i-psami-domowymi","status":"publish","type":"post","link":"https:\/\/www.psyiwilki.pl\/index.php\/2025\/08\/25\/hybrydyzacja-pomiedzy-wilkami-i-psami-domowymi\/","title":{"rendered":"Hybrydyzacja pomi\u0119dzy wilkami i psami domowymi"},"content":{"rendered":"\n<p>Hybrydyzacja to proces krzy\u017cowania si\u0119 osobnik\u00f3w nale\u017c\u0105cych do r\u00f3\u017cnych gatunk\u00f3w, podgatunk\u00f3w lub odr\u0119bnych populacji, kt\u00f3rego wynikiem jest powstanie potomstwa o mieszanym pochodzeniu genetycznym. Mo\u017ce zachodzi\u0107 w spos\u00f3b naturalny w \u015brodowisku lub by\u0107 wynikiem dzia\u0142a\u0144 cz\u0142owieka. Zjawisko to odgrywa istotn\u0105 rol\u0119 w ewolucji, poniewa\u017c prowadzi do przep\u0142ywu gen\u00f3w mi\u0119dzy r\u00f3\u017cnymi jednostkami taksonomicznymi, co mo\u017ce zwi\u0119ksza\u0107 r\u00f3\u017cnorodno\u015b\u0107 genetyczn\u0105, dostarcza\u0107 nowych wariant\u00f3w adaptacyjnych, ale w kontek\u015bcie ochrony przyrody bywa te\u017c zagro\u017ceniem, gdy powoduje utrat\u0119 unikalno\u015bci genetycznej populacji dzikich.<\/p>\n\n\n\n<p>Jednym z przyk\u0142ad\u00f3w hybrydyzacji zachodz\u0105cej w przyrodzie jest hybrydyzacja mi\u0119dzy wilkami a psami. Jest rozpowszechniona w Eurazji, natomiast znacznie rzadsza w Ameryce P\u00f3\u0142nocnej. W genomach 62% badanych wilk\u00f3w eurazjatyckich stwierdzono ma\u0142e bloki pochodzenia psiego, co \u015bwiadczy o wielopokoleniowej i d\u0142ugotrwa\u0142ej introgresji. Obserwuje si\u0119 przewag\u0119 przep\u0142ywu alleli ps\u00f3w do populacji wilk\u00f3w, ale tak\u017ce przypadek odwrotny, wynikaj\u0105cy ze skojarzenia samicy psa i samca wilka. Mimo d\u0142ugotrwa\u0142ego przep\u0142ywu gen\u00f3w populacje wilk\u00f3w utrzymuj\u0105 odr\u0119bno\u015b\u0107 genetyczn\u0105 od ps\u00f3w, co sugeruje, \u017ce niska cz\u0119stotliwo\u015b\u0107 hybrydyzacji nie rozmywa ich puli genowej. Hybrydyzacja mo\u017ce jednak zwi\u0119kszy\u0107 r\u00f3\u017cnorodno\u015b\u0107 genetyczn\u0105 i w niekt\u00f3rych przypadkach wprowadza\u0107 adaptacyjne warianty, takie jak allel melanizmu. Istnieje konieczno\u015b\u0107 monitoringu genetycznego wilk\u00f3w w celu wykrywania i oceny skali domieszki psiej, poniewa\u017c wzrost cz\u0119stotliwo\u015bci hybrydyzacji mo\u017ce stanowi\u0107 zagro\u017cenie dla ochrony gatunku.<\/p>\n\n\n\n<p>Hybrydyzacja nie jest dzi\u015b g\u0142\u00f3wnym zagro\u017ceniem, ale monitoring genetyczny wilk\u00f3w to konieczno\u015b\u0107, by chroni\u0107 ten gatunek w przysz\u0142o\u015bci. Autorzy zwracaj\u0105 uwag\u0119 na to, \u017ce samo usuwanie hybryd nie rozwi\u0105zuje problemu \u2013 mo\u017ce wr\u0119cz powodowa\u0107 powstawanie kolejnych miesza\u0144c\u00f3w. Proponowan\u0105 strategi\u0105 jest ograniczanie czynnik\u00f3w sprzyjaj\u0105cych krzy\u017cowaniu, np. obecno\u015bci bezpa\u0144skich ps\u00f3w czy nielegalnego zabijania wilk\u00f3w. Wa\u017cne jest r\u00f3wnie\u017c, aby przepisy prawne rozr\u00f3\u017cnia\u0142y hybrydy pierwszego pokolenia (F1) od osobnik\u00f3w p\u00f3\u017aniej krzy\u017cowanych z dzikimi wilkami.<\/p>\n\n\n\n<p>\u0179r\u00f3d\u0142o: Pilot, M., Greco, C., vonHoldt, B. M., Randi, E., J\u0119drzejewski, W., Sidorovich, V. E., Konopi\u0144ski, M. K., Ostrander, E. A., &amp; Wayne, R. K. (2018). Widespread, long-term admixture between grey wolves and domestic dogs across Eurasia and its implications for the conservation status of hybrids. Evolutionary Applications, 11(5), 662\u2013680. <a href=\"https:\/\/doi.org\/10.1111\/eva.12595?fbclid=IwZXh0bgNhZW0CMTAAYnJpZBEwc2Q3bTkzdXhmUmhvbml5awEevRoz1sJE1slIJx8ZUciTvW4Z4GXT33is8mZdGL6nGEQbi0QgQHpvCJRPraQ_aem_UTqvZrrhYuZ6q8jPf7glFw\" rel=\"noreferrer noopener\" target=\"_blank\">https:\/\/doi.org\/10.1111\/eva.12595<\/a><\/p>\n\n\n\n<p>Photo by Dominik Kempf on Unsplash<\/p>\n","protected":false},"excerpt":{"rendered":"<p>Hybrydyzacja to proces krzy\u017cowania si\u0119 osobnik\u00f3w nale\u017c\u0105cych do r\u00f3\u017cnych gatunk\u00f3w, podgatunk\u00f3w lub odr\u0119bnych populacji, kt\u00f3rego wynikiem jest powstanie potomstwa o mieszanym pochodzeniu genetycznym. Mo\u017ce zachodzi\u0107 w spos\u00f3b naturalny w \u015brodowisku lub by\u0107 wynikiem dzia\u0142a\u0144 cz\u0142owieka. Zjawisko to odgrywa istotn\u0105 rol\u0119 w ewolucji, poniewa\u017c prowadzi do przep\u0142ywu gen\u00f3w mi\u0119dzy r\u00f3\u017cnymi jednostkami taksonomicznymi, co mo\u017ce zwi\u0119ksza\u0107 r\u00f3\u017cnorodno\u015b\u0107 &hellip; <\/p>\n","protected":false},"author":1,"featured_media":122,"comment_status":"open","ping_status":"open","sticky":false,"template":"","format":"standard","meta":{"footnotes":""},"categories":[3],"tags":[],"class_list":["post-121","post","type-post","status-publish","format-standard","has-post-thumbnail","hentry","category-naukowo"],"_links":{"self":[{"href":"https:\/\/www.psyiwilki.pl\/index.php\/wp-json\/wp\/v2\/posts\/121","targetHints":{"allow":["GET"]}}],"collection":[{"href":"https:\/\/www.psyiwilki.pl\/index.php\/wp-json\/wp\/v2\/posts"}],"about":[{"href":"https:\/\/www.psyiwilki.pl\/index.php\/wp-json\/wp\/v2\/types\/post"}],"author":[{"embeddable":true,"href":"https:\/\/www.psyiwilki.pl\/index.php\/wp-json\/wp\/v2\/users\/1"}],"replies":[{"embeddable":true,"href":"https:\/\/www.psyiwilki.pl\/index.php\/wp-json\/wp\/v2\/comments?post=121"}],"version-history":[{"count":1,"href":"https:\/\/www.psyiwilki.pl\/index.php\/wp-json\/wp\/v2\/posts\/121\/revisions"}],"predecessor-version":[{"id":123,"href":"https:\/\/www.psyiwilki.pl\/index.php\/wp-json\/wp\/v2\/posts\/121\/revisions\/123"}],"wp:featuredmedia":[{"embeddable":true,"href":"https:\/\/www.psyiwilki.pl\/index.php\/wp-json\/wp\/v2\/media\/122"}],"wp:attachment":[{"href":"https:\/\/www.psyiwilki.pl\/index.php\/wp-json\/wp\/v2\/media?parent=121"}],"wp:term":[{"taxonomy":"category","embeddable":true,"href":"https:\/\/www.psyiwilki.pl\/index.php\/wp-json\/wp\/v2\/categories?post=121"},{"taxonomy":"post_tag","embeddable":true,"href":"https:\/\/www.psyiwilki.pl\/index.php\/wp-json\/wp\/v2\/tags?post=121"}],"curies":[{"name":"wp","href":"https:\/\/api.w.org\/{rel}","templated":true}]}}