{"id":1,"date":"2025-05-14T12:58:54","date_gmt":"2025-05-14T12:58:54","guid":{"rendered":"http:\/\/www.psyiwilki.pl\/?p=1"},"modified":"2025-07-30T09:05:28","modified_gmt":"2025-07-30T09:05:28","slug":"analiza-czynnikow","status":"publish","type":"post","link":"https:\/\/www.psyiwilki.pl\/index.php\/2025\/05\/14\/analiza-czynnikow\/","title":{"rendered":"Wype\u0142nij ankiet\u0119!"},"content":{"rendered":"\n<p class=\"has-text-align-left has-black-color has-white-background-color has-text-color has-background has-link-color wp-elements-188da9563524920127c09a2539db2818\">Witamy na stronie projektu pt. <em><strong>Analiza czynnik\u00f3w kszta\u0142tuj\u0105cych ataki wilk\u00f3w na psy domowe w obr\u0119bie teren\u00f3w zabudowanych<\/strong> <\/em>realizowanego przez Zak\u0142ad Ekologii Lasu Instytutu Badawczego Le\u015bnictwa.<\/p>\n\n\n\n<p>W odpowiedzi na wyzwania jakie przynosi populacja wilka proponujemy kompleksow\u0105 analiz\u0119 danych dotycz\u0105cych atak\u00f3w wilk\u00f3w na psy domowe, ze szczeg\u00f3lnym uwzgl\u0119dnieniem obszar\u00f3w w pobli\u017cu teren\u00f3w zabudowanych. Dedykowana platforma internetowa umo\u017cliwia zg\u0142aszanie aktualnych jak i historycznych incydent\u00f3w. Pozwoli to na skuteczn\u0105 ewidencj\u0119 zdarze\u0144 oraz przeprowadzenie analizy przestrzennej i statystycznej.<\/p>\n\n\n\n<p><strong>Cele<\/strong><br>Celem bada\u0144 jest lepsze zrozumienie przyczyn atak\u00f3w wilk\u00f3w na psy domowe oraz por\u00f3wnanie liczby i charakterystyki atak\u00f3w wilk\u00f3w na psy w zale\u017cno\u015bci od czynnik\u00f3w \u015brodowiskowych. Analiza obejmie korelacj\u0119 mi\u0119dzy lokalizacjami atak\u00f3w a obecno\u015bci\u0105 zwierz\u0105t gospodarskich, okre\u015blenie wp\u0142ywu pory roku i pory dnia na prawdopodobie\u0144stwo atak\u00f3w oraz ocen\u0119 wp\u0142ywu zmniejszonej dost\u0119pno\u015bci dzikiej zwierzyny na ich cz\u0119stotliwo\u015b\u0107. Dodatkowo przeprowadzona zostanie analiza przestrzenna, aby okre\u015bli\u0107, w jakim stopniu rozmieszczenie gospodarstw, blisko\u015b\u0107 las\u00f3w i odleg\u0142o\u015b\u0107 dom\u00f3w od obszar\u00f3w dzikich wp\u0142ywaj\u0105 na ataki wilk\u00f3w na psy.<\/p>\n\n\n\n<p><strong>Znaczenie projektu<\/strong><br>Dok\u0142adne zbadanie przyczyn atak\u00f3w dzikich wilk\u00f3w na psy domowe pozwala na lepsz\u0105 ochron\u0119 zwierz\u0105t domowych i zapewnienie bezpiecze\u0144stwa publicznego. W obszarach, gdzie wilki s\u0105 sta\u0142ym elementem fauny, incydenty te maj\u0105 prawo budzi\u0107 niepok\u00f3j o bezpiecze\u0144stwo ludzi. Zrozumienie, dlaczego wilki atakuj\u0105 psy mo\u017ce pom\u00f3c w minimalizowaniu konflikt\u00f3w mi\u0119dzy lud\u017ami a tymi drapie\u017cnikami oraz umo\u017cliwi w\u0142a\u015bcicielom podejmowanie bardziej skutecznych \u015brodk\u00f3w zapobiegawczych. <\/p>\n\n\n\n<p><strong>Badanie kwestionariuszowe obejmuje zar\u00f3wno zg\u0142oszenia \u015bmiertelnych oraz nie\u015bmiertelnych atak\u00f3w wilk\u00f3w na psy jak i zg\u0142oszenia braku atak\u00f3w dla por\u00f3wnania.<\/strong><\/p>\n\n\n\n<figure class=\"wp-block-image size-large\"><a href=\"https:\/\/forms.gle\/ZvrtMEbBFg6JhN5Z9\"><img loading=\"lazy\" decoding=\"async\" width=\"1024\" height=\"585\" src=\"http:\/\/www.psyiwilki.pl\/wp-content\/uploads\/2025\/05\/1000011079-1024x585.png\" alt=\"\" class=\"wp-image-111\" srcset=\"https:\/\/www.psyiwilki.pl\/wp-content\/uploads\/2025\/05\/1000011079-1024x585.png 1024w, https:\/\/www.psyiwilki.pl\/wp-content\/uploads\/2025\/05\/1000011079-300x171.png 300w, https:\/\/www.psyiwilki.pl\/wp-content\/uploads\/2025\/05\/1000011079-768x439.png 768w, https:\/\/www.psyiwilki.pl\/wp-content\/uploads\/2025\/05\/1000011079.png 1050w\" sizes=\"auto, (max-width: 1024px) 100vw, 1024px\" \/><\/a><\/figure>\n\n\n\n<p class=\"has-text-align-left has-black-color has-white-background-color has-text-color has-background has-link-color wp-elements-e6fd96d277c2b03d39d31f1b519c26e8\"><\/p>\n\n\n\n<p class=\"has-text-align-left has-black-color has-white-background-color has-text-color has-background has-link-color wp-elements-e6fd96d277c2b03d39d31f1b519c26e8\"><\/p>\n","protected":false},"excerpt":{"rendered":"<p>Witamy na stronie projektu pt. Analiza czynnik\u00f3w kszta\u0142tuj\u0105cych ataki wilk\u00f3w na psy domowe w obr\u0119bie teren\u00f3w zabudowanych realizowanego przez Zak\u0142ad Ekologii Lasu Instytutu Badawczego Le\u015bnictwa. W odpowiedzi na wyzwania jakie przynosi populacja wilka proponujemy kompleksow\u0105 analiz\u0119 danych dotycz\u0105cych atak\u00f3w wilk\u00f3w na psy domowe, ze szczeg\u00f3lnym uwzgl\u0119dnieniem obszar\u00f3w w pobli\u017cu teren\u00f3w zabudowanych. Dedykowana platforma internetowa umo\u017cliwia &hellip; <\/p>\n","protected":false},"author":1,"featured_media":9,"comment_status":"open","ping_status":"open","sticky":false,"template":"","format":"standard","meta":{"footnotes":""},"categories":[2],"tags":[],"class_list":["post-1","post","type-post","status-publish","format-standard","has-post-thumbnail","hentry","category-projektowe"],"_links":{"self":[{"href":"https:\/\/www.psyiwilki.pl\/index.php\/wp-json\/wp\/v2\/posts\/1","targetHints":{"allow":["GET"]}}],"collection":[{"href":"https:\/\/www.psyiwilki.pl\/index.php\/wp-json\/wp\/v2\/posts"}],"about":[{"href":"https:\/\/www.psyiwilki.pl\/index.php\/wp-json\/wp\/v2\/types\/post"}],"author":[{"embeddable":true,"href":"https:\/\/www.psyiwilki.pl\/index.php\/wp-json\/wp\/v2\/users\/1"}],"replies":[{"embeddable":true,"href":"https:\/\/www.psyiwilki.pl\/index.php\/wp-json\/wp\/v2\/comments?post=1"}],"version-history":[{"count":12,"href":"https:\/\/www.psyiwilki.pl\/index.php\/wp-json\/wp\/v2\/posts\/1\/revisions"}],"predecessor-version":[{"id":116,"href":"https:\/\/www.psyiwilki.pl\/index.php\/wp-json\/wp\/v2\/posts\/1\/revisions\/116"}],"wp:featuredmedia":[{"embeddable":true,"href":"https:\/\/www.psyiwilki.pl\/index.php\/wp-json\/wp\/v2\/media\/9"}],"wp:attachment":[{"href":"https:\/\/www.psyiwilki.pl\/index.php\/wp-json\/wp\/v2\/media?parent=1"}],"wp:term":[{"taxonomy":"category","embeddable":true,"href":"https:\/\/www.psyiwilki.pl\/index.php\/wp-json\/wp\/v2\/categories?post=1"},{"taxonomy":"post_tag","embeddable":true,"href":"https:\/\/www.psyiwilki.pl\/index.php\/wp-json\/wp\/v2\/tags?post=1"}],"curies":[{"name":"wp","href":"https:\/\/api.w.org\/{rel}","templated":true}]}}